{"id":71531,"date":"2025-12-05T21:26:11","date_gmt":"2025-12-05T19:26:11","guid":{"rendered":"https:\/\/www.right2city.org\/?post_type=news&#038;p=71531"},"modified":"2025-12-12T21:42:46","modified_gmt":"2025-12-12T19:42:46","slug":"nosso-caminho-ate-aqui-conheca-a-forca-tarefa-da-pgdc-rumo-a-cop30","status":"publish","type":"news","link":"https:\/\/www.right2city.org\/pt\/news\/nosso-caminho-ate-aqui-conheca-a-forca-tarefa-da-pgdc-rumo-a-cop30\/","title":{"rendered":"Nosso caminho at\u00e9 aqui: conhe\u00e7a a for\u00e7a-tarefa da PGDC rumo a COP30"},"content":{"rendered":"<p><span style=\"font-size: 12pt; font-family: tahoma, arial, helvetica, sans-serif;\"><span style=\"font-weight: 400;\">H\u00e1 alguns anos, temos trabalhado as <\/span><b>conex\u00f5es entre justi\u00e7a clim\u00e1tica e direito \u00e0 cidade<\/b><span style=\"font-weight: 400;\">. Come\u00e7ando com a publica\u00e7\u00e3o do nosso <\/span><a href=\"https:\/\/www.right2city.org\/wp-content\/uploads\/2021\/10\/Right-to-the-City-Climate-Change_ES_OK4_alta.pdf\" target=\"_blank\" rel=\"noopener\"><span style=\"font-weight: 400;\">documento tem\u00e1tico<\/span><\/a><span style=\"font-weight: 400;\"> em 2020 e dando continuidade ao trabalho junto aos nossos membros em iniciativas locais, nacionais, regionais e globais. Esse trabalho se intensificou rumo \u00e0 COP30, com grande expectativa de movimentos sociais e territoriais sobre o processo. Nesse contexto, durante o ano de\u00a0 2025, realizamos 9 encontros em uma for\u00e7a-tarefa envolvendo forma\u00e7\u00e3o sobre o tema, al\u00e9m da cria\u00e7\u00e3o conjunta de uma agenda comum e estrat\u00e9gias rumo \u00e0 confer\u00eancia para fortalecer a presen\u00e7a e a participa\u00e7\u00e3o de movimentos sociais urbanos e organiza\u00e7\u00f5es da sociedade civil com o debate sobre justi\u00e7a clim\u00e1tica.\u00a0<\/span><\/span><\/p>\n<p><span style=\"font-weight: 400; font-size: 12pt; font-family: tahoma, arial, helvetica, sans-serif;\">Voc\u00ea pode saber mais sobre a campanha da plataforma na COP30 em <a href=\"https:\/\/www.right2city.org\/pt\/rumo-a-um-mutirao-global-nao-ha-justica-climatica-sem-o-direito-a-cidade\/\" target=\"_blank\" rel=\"noopener\">nosso hotsite<\/a>. Abaixo, confira todos os encontros da for\u00e7a-tarefa da plataforma para a confer\u00eancia do clima em Bel\u00e9m.<\/span><\/p>\n<p><img loading=\"lazy\" decoding=\"async\" class=\"aligncenter size-large wp-image-71540\" src=\"https:\/\/www.right2city.org\/wp-content\/uploads\/2025\/12\/cop30-task-1024x576.jpeg\" alt=\"\" width=\"1024\" height=\"576\" srcset=\"https:\/\/www.right2city.org\/wp-content\/uploads\/2025\/12\/cop30-task-980x551.jpeg 980w, https:\/\/www.right2city.org\/wp-content\/uploads\/2025\/12\/cop30-task-480x270.jpeg 480w\" sizes=\"(min-width: 0px) and (max-width: 480px) 480px, (min-width: 481px) and (max-width: 980px) 980px, (min-width: 981px) 1024px, 100vw\" \/><\/p>\n<p><span style=\"font-size: 12pt; font-family: tahoma, arial, helvetica, sans-serif;\"><b><br \/>\n1\u00ba encontro &#8211; Fevereiro<\/b><\/span><\/p>\n<p><span style=\"font-size: 12pt; font-family: tahoma, arial, helvetica, sans-serif;\"><b>Encontro inicial<\/b><span style=\"font-weight: 400;\">\u00a0<\/span><\/span><\/p>\n<p><span style=\"font-weight: 400; font-size: 12pt; font-family: tahoma, arial, helvetica, sans-serif;\">A reuni\u00e3o foi um pontap\u00e9 inicial para alinhar nossos esfor\u00e7os coletivos, trocar ideias e criar estrat\u00e9gias sobre como maximizar nosso impacto, tanto na COP quanto para al\u00e9m dela, garantindo que a perspectiva do direito \u00e0 cidade sobre a justi\u00e7a clim\u00e1tica seja considerada e que nossas vozes sejam efetivamente representadas.<\/span><\/p>\n<p><span style=\"font-size: 12pt; font-family: tahoma, arial, helvetica, sans-serif;\"><span style=\"font-weight: 400;\">A reuni\u00e3o serviu tanto como uma sess\u00e3o informativa quanto como um primeiro momento de coordena\u00e7\u00e3o, com foco n\u00e3o apenas na participa\u00e7\u00e3o na COP, mas tamb\u00e9m na melhor forma de coordenar e refor\u00e7ar nossas capacidades em rela\u00e7\u00e3o \u00e0 justi\u00e7a clim\u00e1tica.<\/span><span style=\"font-weight: 400;\"><br \/>\n<\/span><\/span><\/p>\n<ul>\n<li><span style=\"font-size: 12pt; font-family: tahoma, arial, helvetica, sans-serif;\"><a href=\"https:\/\/drive.google.com\/file\/d\/1kgAmZISyV1Ku-VbTawMsSGCMMJ3T0gYb\/view?usp=sharing\" target=\"_blank\" rel=\"noopener\"><span style=\"font-weight: 400;\">Assista \u00e0 videoconfer\u00eancia<\/span><\/a><\/span><\/li>\n<li><span style=\"font-size: 12pt; font-family: tahoma, arial, helvetica, sans-serif;\"><a href=\"https:\/\/drive.google.com\/file\/d\/1V_1ZrIbWhI0jEo4d6B2TiKaR9ECHLotY\/view?usp=sharing\" target=\"_blank\" rel=\"noopener\"><span style=\"font-weight: 400;\">Baixe a apresenta\u00e7\u00e3o\u00a0<\/span><\/a><\/span><\/li>\n<li><span style=\"font-size: 12pt; font-family: tahoma, arial, helvetica, sans-serif;\"><a href=\"https:\/\/drive.google.com\/file\/d\/1ALJBH3_KSpqZd_vn9RHd9Q0WUxXdcRUQ\/view?usp=sharing\" target=\"_blank\" rel=\"noopener\"><span style=\"font-weight: 400;\">Acesse o documento-s\u00edntese<\/span><\/a><\/span><\/li>\n<\/ul>\n<p><span style=\"font-size: 12pt; font-family: tahoma, arial, helvetica, sans-serif;\"><b><br \/>\n2\u00ba encontro &#8211; Mar\u00e7o<\/b><\/span><\/p>\n<p><span style=\"font-size: 12pt; font-family: tahoma, arial, helvetica, sans-serif;\"><b>Sess\u00e3o informativa sobre COPs<\/b><\/span><\/p>\n<p><span style=\"font-weight: 400; font-size: 12pt; font-family: tahoma, arial, helvetica, sans-serif;\">O foco dessa reuni\u00e3o foi compartilhar informa\u00e7\u00f5es b\u00e1sicas sobre as COPs, especialmente sobre como elas funcionam e as modalidades de participa\u00e7\u00e3o. Os principais pontos abordados foram: datas importantes; oportunidades e modalidades de participa\u00e7\u00e3o; log\u00edstica\u00a0 e agenda conjunta.<\/span><\/p>\n<ul>\n<li><span style=\"font-size: 12pt; font-family: tahoma, arial, helvetica, sans-serif;\"><a href=\"https:\/\/drive.google.com\/file\/d\/1ccHf799VuDQA1CpvOxFq6_8qCjChASjt\/view?usp=drive_link\" target=\"_blank\" rel=\"noopener\"><span style=\"font-weight: 400;\">Assista \u00e0 videoconfer\u00eancia<\/span><\/a><\/span><\/li>\n<li><span style=\"font-size: 12pt; font-family: tahoma, arial, helvetica, sans-serif;\"><a href=\"https:\/\/drive.google.com\/file\/d\/1zyZuPU-fJYmL2Hdw6wHmvdFHo9F55nxK\/view?usp=drive_link\"><span style=\"font-weight: 400;\">Baixe a apresenta\u00e7\u00e3o<\/span><\/a><\/span><\/li>\n<li><span style=\"font-size: 12pt; font-family: tahoma, arial, helvetica, sans-serif;\"><a href=\"https:\/\/drive.google.com\/file\/d\/1bL7XTd5xgdxPXWikUbDGsfKKYQcSR-Uy\/view?usp=drive_link\" target=\"_blank\" rel=\"noopener\"><span style=\"font-weight: 400;\">Acesse o documento-s\u00edntese<\/span><\/a><\/span><\/li>\n<\/ul>\n<p><span style=\"font-size: 12pt; font-family: tahoma, arial, helvetica, sans-serif;\"><b><br \/>\n3\u00ba encontro &#8211; Abril\u00a0<\/b><\/span><\/p>\n<p><span style=\"font-size: 12pt; font-family: tahoma, arial, helvetica, sans-serif;\"><b>Rumo a uma estrat\u00e9gia conjunta<\/b><\/span><\/p>\n<p><span style=\"font-weight: 400; font-size: 12pt; font-family: tahoma, arial, helvetica, sans-serif;\">A sess\u00e3o foi dedicada a encontrar pontos-chave do nosso trabalho comum sobre a intersec\u00e7\u00e3o entre a justi\u00e7a clim\u00e1tica e o direito \u00e0 cidade, a fim de informar uma estrat\u00e9gia conjunta. Para apoiar o desenvolvimento da sess\u00e3o, mapeamos alguns dos pontos centrais da nossa abordagem, com base em trabalhos anteriores e em curso.\u00a0<\/span><\/p>\n<p><span style=\"font-weight: 400; font-size: 12pt; font-family: tahoma, arial, helvetica, sans-serif;\">Alguns dos principais pontos identificados como estrat\u00e9gias de justi\u00e7a clim\u00e1tica foram: financiamento clim\u00e1tico para as cidades; lit\u00edgio estrat\u00e9gico; coprodu\u00e7\u00e3o de pol\u00edticas e dados; fortalecimento das capacidades; e melhoria integral dos bairros.\u00a0<\/span><\/p>\n<p><span style=\"font-weight: 400; font-size: 12pt; font-family: tahoma, arial, helvetica, sans-serif;\">Entre as prioridades para a COP30, foram elencados os seguintes temas: impactos das mudan\u00e7as clim\u00e1ticas nos territ\u00f3rios; estrat\u00e9gias de adapta\u00e7\u00e3o; planos clim\u00e1ticos locais e metodologias participativas; \u00e1gua, habita\u00e7\u00e3o e direitos fundi\u00e1rios.<\/span><\/p>\n<ul>\n<li><span style=\"font-size: 12pt; font-family: tahoma, arial, helvetica, sans-serif;\"><a href=\"https:\/\/drive.google.com\/file\/d\/1VRZCdaBBQHU-F3z7kasJf6PHDh8-DiPb\/view?usp=drive_link\" target=\"_blank\" rel=\"noopener\"><span style=\"font-weight: 400;\">Assista \u00e0 videoconfer\u00eancia<\/span><\/a><\/span><\/li>\n<li><span style=\"font-size: 12pt; font-family: tahoma, arial, helvetica, sans-serif;\"><a href=\"https:\/\/drive.google.com\/file\/d\/1h-WmAs_ScUhTta5eYHGspvFRwQJmbQ5-\/view?usp=drive_link\" target=\"_blank\" rel=\"noopener\"><span style=\"font-weight: 400;\">Acesse o documento-s\u00edntese<\/span><\/a><\/span><\/li>\n<\/ul>\n<p><span style=\"font-size: 12pt; font-family: tahoma, arial, helvetica, sans-serif;\"><b><br \/>\n4\u00ba encontro &#8211; <\/b><b>Maio <\/b><\/span><\/p>\n<p><span style=\"font-size: 12pt; font-family: tahoma, arial, helvetica, sans-serif;\"><b>Expectativas e preparativos para a COP30<\/b><\/span><\/p>\n<p><span style=\"font-weight: 400; font-size: 12pt; font-family: tahoma, arial, helvetica, sans-serif;\">O encontro discutiu os avan\u00e7os recentes da prepara\u00e7\u00e3o para a confer\u00eancia e as expectativas por parte de diferentes organiza\u00e7\u00f5es.\u00a0\u00a0<\/span><\/p>\n<p><span style=\"font-size: 12pt; font-family: tahoma, arial, helvetica, sans-serif;\"><span style=\"font-weight: 400;\">Na atualiza\u00e7\u00e3o institucional, Mila Dezan, da Secretaria Geral da Presid\u00eancia destacou iniciativas para ampliar a participa\u00e7\u00e3o social, fortalecer a Zona Verde, criar um invent\u00e1rio de solu\u00e7\u00f5es da sociedade civil e organizar uma pr\u00e9-COP nacional em outubro. J\u00e1 Rayne Moraes, Oficial Nacional da ONU Habitat Brasil e Rodrigo F\u00fchr, Ponto Focal da ONU-Habitat para a COP30\u00a0 apresentaram sua agenda para a COP30, incluindo dias dedicados ao urbanismo, uma reuni\u00e3o ministerial sobre Urbaniza\u00e7\u00e3o e Mudan\u00e7as Clim\u00e1ticas, a C\u00fapula de L\u00edderes Locais e o Hub Cidades e Regi\u00f5es \u2014 idealizado como a \u201csede\u201d do Mutir\u00e3o Global.<\/span> <span style=\"font-weight: 400;\">A reuni\u00e3o tamb\u00e9m incluiu atualiza\u00e7\u00f5es sobre as negocia\u00e7\u00f5es pr\u00e9-COP em Bonn, onde as principais discuss\u00f5es se concentrariam na defini\u00e7\u00e3o de 100 indicadores globais de adapta\u00e7\u00e3o.\u00a0<\/span><\/span><\/p>\n<ul>\n<li><a href=\"https:\/\/drive.google.com\/file\/d\/1466y3xEGEoXoSfJDtK8MaE0OdFRllGjP\/view?usp=drive_link\" target=\"_blank\" rel=\"noopener\"><span style=\"font-size: 12pt; font-family: tahoma, arial, helvetica, sans-serif;\">Assista \u00e0 videoconfer\u00eancia<\/span><\/a><\/li>\n<li><span style=\"font-size: 12pt; font-family: tahoma, arial, helvetica, sans-serif;\"><a href=\"https:\/\/drive.google.com\/file\/d\/1hpBkr2bxubFf7Vb7JaWNilMm404NTjVe\/view?usp=drive_link\" target=\"_blank\" rel=\"noopener\"><span style=\"font-weight: 400;\">Acesse o documento-s\u00edntese<\/span><\/a><\/span><\/li>\n<\/ul>\n<p><span style=\"font-size: 12pt; font-family: tahoma, arial, helvetica, sans-serif;\"><b><br \/>\n5\u00ba encontro &#8211; Julho<\/b><\/span><\/p>\n<p><span style=\"font-size: 12pt; font-family: tahoma, arial, helvetica, sans-serif;\"><b>Negocia\u00e7\u00f5es clim\u00e1ticas em Bonn\u00a0\u00a0<\/b><\/span><\/p>\n<p><span style=\"font-weight: 400; font-size: 12pt; font-family: tahoma, arial, helvetica, sans-serif;\">A reuni\u00e3o apresentou um panorama das negocia\u00e7\u00f5es clim\u00e1ticas realizadas em Bonn, destacando o papel central dos \u00d3rg\u00e3os Subsidi\u00e1rios da UNFCCC na prepara\u00e7\u00e3o para a COP em Bel\u00e9m. Os relatos enfatizaram desafios procedimentais, tens\u00f5es sobre financiamento e avan\u00e7os limitados em temas como adapta\u00e7\u00e3o e transi\u00e7\u00e3o justa.<\/span><\/p>\n<p><span style=\"font-weight: 400; font-size: 12pt; font-family: tahoma, arial, helvetica, sans-serif;\">Os principais pontos inclu\u00edram a s\u00edntese dos 490 indicadores de adapta\u00e7\u00e3o para uma lista final de 100, o impasse em torno da Nova Meta Coletiva de Financiamento (NCQG) e as press\u00f5es crescentes sobre infraestrutura e log\u00edstica para a COP30. Tamb\u00e9m houve destaque para a renova\u00e7\u00e3o do Programa de Trabalho de Lima sobre G\u00eanero e para o in\u00edcio das negocia\u00e7\u00f5es de um novo plano de a\u00e7\u00e3o com enfoque interseccional.<\/span><\/p>\n<p><span style=\"font-weight: 400; font-size: 12pt; font-family: tahoma, arial, helvetica, sans-serif;\">O painel sobre financiamento clim\u00e1tico aprofundou os desafios estruturais do tema, apontando a insufici\u00eancia de recursos, o peso excessivo de d\u00edvida, a dificuldade de acesso por comunidades vulner\u00e1veis e os limites do Fundo de Perdas e Danos. O encontro contou com a participa\u00e7\u00e3o de Michelle Ferreti (Instituto Alziras), Adriana V\u00e1squez Rodr\u00edguez (La Ruta del Clima), Julie Greenwalt, (Cities Alliance) e Lucas Turmena (UN University).<\/span><\/p>\n<ul>\n<li><span style=\"font-size: 12pt; font-family: tahoma, arial, helvetica, sans-serif;\"><a href=\"https:\/\/drive.google.com\/file\/d\/1-od6ZdkXkQIrH_OQID5UPEdrggGfwpZb\/view?usp=drive_link\" target=\"_blank\" rel=\"noopener\"><span style=\"font-weight: 400;\">Assista \u00e0 videoconfer\u00eancia<\/span><\/a><\/span><\/li>\n<li><span style=\"font-size: 12pt; font-family: tahoma, arial, helvetica, sans-serif;\"><a href=\"https:\/\/drive.google.com\/file\/d\/1JD-xaC1TAhCJj1ifPuKEabuxAMskwwOm\/view?usp=drive_link\" target=\"_blank\" rel=\"noopener\"><span style=\"font-weight: 400;\">Acesse o documento-s\u00edntese<\/span><\/a><\/span><\/li>\n<li><span style=\"font-weight: 400; font-size: 12pt; font-family: tahoma, arial, helvetica, sans-serif;\">Fa\u00e7a download das apresenta\u00e7\u00f5es:<\/span>\n<ul>\n<li><span style=\"font-size: 12pt; font-family: tahoma, arial, helvetica, sans-serif;\"><a href=\"https:\/\/drive.google.com\/file\/d\/1e4JfDj_2Jz3FCjpkZKt2En2ZESA7ua41\/view?usp=drive_link\" target=\"_blank\" rel=\"noopener\">5\u00ba encontro<\/a><\/span><\/li>\n<li><span style=\"font-size: 12pt; font-family: tahoma, arial, helvetica, sans-serif;\"><a href=\"https:\/\/drive.google.com\/file\/d\/13B8kpfxCCvZh0jG2r-6M2J3-sVSTRk29\/view?usp=drive_link\" target=\"_blank\" rel=\"noopener\">Financiamiento Clim\u00e1tico, de La Ruta del Clima<\/a><\/span><\/li>\n<li><span style=\"font-size: 12pt; font-family: tahoma, arial, helvetica, sans-serif;\"><a href=\"https:\/\/drive.google.com\/file\/d\/1g18A1mw-fmTZ_MTAPX1R3ev4xRqwyuAE\/view?usp=drive_link\" target=\"_blank\" rel=\"noopener\"><span style=\"font-weight: 400;\">25 Years Fighting Urban Poverty, de Cities Alliance<\/span><\/a><\/span><\/li>\n<li><span style=\"font-size: 12pt; font-family: tahoma, arial, helvetica, sans-serif;\"><a href=\"https:\/\/drive.google.com\/file\/d\/1RsblRZwrilowaZK9rMwH9aI2NOjSmFKa\/view?usp=drive_link\" target=\"_blank\" rel=\"noopener\"><span style=\"font-weight: 400;\">Loss and Damage in Informal Urban Settlements, de UN University<\/span><\/a><\/span><\/li>\n<\/ul>\n<\/li>\n<\/ul>\n<p><span style=\"font-size: 12pt; font-family: tahoma, arial, helvetica, sans-serif;\"><b><br \/>\n6\u00ba encontro &#8211; Julho<\/b><\/span><\/p>\n<p><strong><span style=\"font-family: tahoma, arial, helvetica, sans-serif; font-size: 12pt;\">Adapta\u00e7\u00e3o clim\u00e1tica<\/span><\/strong><\/p>\n<p><span style=\"font-weight: 400; font-size: 12pt; font-family: tahoma, arial, helvetica, sans-serif;\">Sess\u00e3o formativa sobre adapta\u00e7\u00e3o clim\u00e1tica, seu desequil\u00edbrio em rela\u00e7\u00e3o \u00e0 mitiga\u00e7\u00e3o, e a meta global de adapta\u00e7\u00e3o (GGA), incluindo indicadores relacionados a assentamentos humanos. Trouxemos ainda alguns exemplos de como a adapta\u00e7\u00e3o ocorre no contexto urbano e compartilhamos informa\u00e7\u00f5es sobre a C\u00fapula dos Povos e as possibilidades de articula\u00e7\u00e3o e incid\u00eancia no evento.\u00a0<\/span><\/p>\n<p><img loading=\"lazy\" decoding=\"async\" class=\"aligncenter size-large wp-image-71533\" src=\"https:\/\/www.right2city.org\/wp-content\/uploads\/2025\/12\/4f1f1cfd-d8ec-45a2-bf60-7ffbbae1d988-1024x581.png\" alt=\"\" width=\"1024\" height=\"581\" srcset=\"https:\/\/www.right2city.org\/wp-content\/uploads\/2025\/12\/4f1f1cfd-d8ec-45a2-bf60-7ffbbae1d988-980x556.png 980w, https:\/\/www.right2city.org\/wp-content\/uploads\/2025\/12\/4f1f1cfd-d8ec-45a2-bf60-7ffbbae1d988-480x272.png 480w\" sizes=\"(min-width: 0px) and (max-width: 480px) 480px, (min-width: 481px) and (max-width: 980px) 980px, (min-width: 981px) 1024px, 100vw\" \/><\/p>\n<p><span style=\"font-weight: 400; font-size: 12pt; font-family: tahoma, arial, helvetica, sans-serif;\">Participaram do encontro Thaynah Gutierrez (Observat\u00f3rio do Clima), Martine De Zoeten e Rayne Moraes (ONU-Habitat), Pauline Kariuki (Huairou Commission), Sonia Dias e Marcela Valdivia (WIEGO) e Julia Ladeira (MTST).<\/span><\/p>\n<ul>\n<li><a href=\"https:\/\/drive.google.com\/file\/d\/1sn1xvZRQOdPyAPiG10tzkCS1q1dX_-Kx\/view?usp=drive_link\"><span style=\"font-family: tahoma, arial, helvetica, sans-serif; font-size: 12pt;\">Assista \u00e0 videoconfer\u00eancia<\/span><\/a><\/li>\n<li><span style=\"font-weight: 400; font-size: 12pt; font-family: tahoma, arial, helvetica, sans-serif;\">Fa\u00e7a download das apresenta\u00e7\u00f5es:<\/span>\n<ul>\n<li style=\"font-weight: 400;\" aria-level=\"1\"><span style=\"font-size: 12pt; font-family: tahoma, arial, helvetica, sans-serif;\"><a href=\"https:\/\/drive.google.com\/file\/d\/1UHQRPW4p3B9BE5aG1_Rlr1XSVjacyirr\/view?usp=drive_link\" target=\"_blank\" rel=\"noopener\"><span style=\"font-weight: 400;\">6\u00ba encontro<\/span><\/a><\/span><\/li>\n<li style=\"font-weight: 400;\" aria-level=\"1\"><span style=\"font-size: 12pt; font-family: tahoma, arial, helvetica, sans-serif;\"><a href=\"https:\/\/drive.google.com\/file\/d\/1ZWqmESKGdjvurPouzEA9sTZpouM0ySZ5\/view?usp=drive_link\" target=\"_blank\" rel=\"noopener\"><span style=\"font-weight: 400;\">Climate and Waste Workers in the Informal Economy: An Urban Policies Approach \u2013 Brazil and Beyond, de WIEGO<\/span><\/a><\/span><\/li>\n<li style=\"font-weight: 400;\" aria-level=\"1\"><span style=\"font-size: 12pt; font-family: tahoma, arial, helvetica, sans-serif;\"><a href=\"https:\/\/drive.google.com\/file\/d\/1mtpIWMG2fX1qV-E7khH-8H8XzfXNh3CG\/view?usp=drive_link\" target=\"_blank\" rel=\"noopener\"><span style=\"font-weight: 400;\">Global Goal on Adaptation, de UN-Habitat<\/span><\/a><\/span><\/li>\n<\/ul>\n<\/li>\n<\/ul>\n<p><span style=\"font-size: 12pt; font-family: tahoma, arial, helvetica, sans-serif;\"><b><br \/>\n7\u00ba encontro &#8211; Agosto<\/b><\/span><\/p>\n<p><strong><span style=\"font-family: tahoma, arial, helvetica, sans-serif; font-size: 12pt;\">Contribui\u00e7\u00f5es Nacionalmente Determinadas (NDCs)<\/span><\/strong><\/p>\n<p><span style=\"font-weight: 400; font-size: 12pt; font-family: tahoma, arial, helvetica, sans-serif;\">Edi\u00e7\u00e3o especial em parceria com a Coaliz\u00e3o Internacional pelo H\u00e1bitat da Am\u00e9rica Latina (HIC-AL) e Misereor, para abordar as Contribui\u00e7\u00f5es Nacionalmente Determinadas (NDCs) e como as cidades podem aportar e incidir nessas metas clim\u00e1ticas.<\/span><\/p>\n<p><span style=\"font-size: 12pt; font-family: tahoma, arial, helvetica, sans-serif;\"><a href=\"https:\/\/www.right2city.org\/wp-content\/uploads\/2025\/10\/Pronunciamiento-Portugues.pdf\" target=\"_blank\" rel=\"noopener\"><span style=\"font-weight: 400;\">Confira aqui<\/span><\/a><span style=\"font-weight: 400;\"> o documento final resultado desses encontros conjuntos facilitados em parceria com a HIC-Am\u00e9rica Latina, Misereor, IIED-AL e Foro Ciudades para la Vida.<\/span><\/span><\/p>\n<p><span style=\"font-size: 12pt; font-family: tahoma, arial, helvetica, sans-serif;\"><b><br \/>\n8\u00ba encontro &#8211; Setembro<\/b><\/span><\/p>\n<p><strong><span style=\"font-family: tahoma, arial, helvetica, sans-serif; font-size: 12pt;\">Documento de posicionamento<\/span><\/strong><\/p>\n<p><span style=\"font-size: 12pt; font-family: tahoma, arial, helvetica, sans-serif;\"><span style=\"font-weight: 400;\">Apresenta\u00e7\u00e3o do <\/span><a href=\"https:\/\/www.right2city.org\/wp-content\/uploads\/2025\/11\/folderA3_OPGPR2C_portugues_v3.pdf\" target=\"_blank\" rel=\"noopener\"><span style=\"font-weight: 400;\">documento de posicionamento<\/span><\/a><span style=\"font-weight: 400;\"> que elaboramos a partir das sess\u00f5es realizadas na for\u00e7a-tarefa, incluindo as mensagens-chave da PGDC para a COP30.\u00a0<\/span><\/span><\/p>\n<p><span style=\"font-weight: 400; font-size: 12pt; font-family: tahoma, arial, helvetica, sans-serif;\">Dentre elas: a participa\u00e7\u00e3o das comunidades em planos de mitiga\u00e7\u00e3o e implementa\u00e7\u00e3o das NDCs 3.0; constru\u00e7\u00e3o dos componentes territoriais do Objetivo Global de Adapta\u00e7\u00e3o; descentraliza\u00e7\u00e3o e alavancagem do financiamento clim\u00e1tico local; e salvaguardar a fun\u00e7\u00e3o social e ambiental dos servi\u00e7os b\u00e1sicos e dos ecossistemas.<\/span><\/p>\n<p><span style=\"font-weight: 400; font-size: 12pt; font-family: tahoma, arial, helvetica, sans-serif;\">Tamb\u00e9m compartilhamos algumas das atividades propostas para a COP30, tanto em espa\u00e7os oficiais da confer\u00eancia, como nos espa\u00e7os paralelos, que tamb\u00e9m seriam muito relevantes.\u00a0<\/span><\/p>\n<ul>\n<li><a href=\"https:\/\/drive.google.com\/file\/d\/1CY77Rv2xBlQXrR5uaIxSIUkhkpIYTNBS\/view?usp=drive_link\" target=\"_blank\" rel=\"noopener\"><span style=\"font-family: tahoma, arial, helvetica, sans-serif; font-size: 12pt;\">Assista \u00e0 videoconfer\u00eancia<\/span><\/a><\/li>\n<li><span style=\"font-size: 12pt; font-family: tahoma, arial, helvetica, sans-serif;\"><a href=\"https:\/\/drive.google.com\/file\/d\/12nL4j4fJ7zNQrNR5_O8eb2f382ZEU8zF\/view?usp=drive_link\" target=\"_blank\" rel=\"noopener\"><span style=\"font-weight: 400;\">Baixe a apresenta\u00e7\u00e3o\u00a0<\/span><\/a><\/span><\/li>\n<\/ul>\n<p><span style=\"font-size: 12pt; font-family: tahoma, arial, helvetica, sans-serif;\"><b><br \/>\n9\u00ba encontro &#8211; Outubro<\/b><\/span><\/p>\n<p><strong><span style=\"font-family: tahoma, arial, helvetica, sans-serif; font-size: 12pt;\">\u00daltimos preparativos para a COP<\/span><\/strong><\/p>\n<p><span style=\"font-weight: 400; font-size: 12pt; font-family: tahoma, arial, helvetica, sans-serif;\">Na \u00faltima reuni\u00e3o antes da COP30, repassamos detalhes log\u00edsticos, nosso documento final de posicionamento comum e a agenda de atividades confirmadas at\u00e9 aquele momento.<\/span><\/p>\n<p>&nbsp;<\/p>\n<ul>\n<li><span style=\"font-size: 12pt; font-family: tahoma, arial, helvetica, sans-serif;\"><a href=\"https:\/\/drive.google.com\/file\/d\/1Lsh2m4ZvEXBWc3kCXXs9qtID7O1iwKwM\/view?usp=drive_link\"><span style=\"font-weight: 400;\">Assista \u00e0 videoconfer\u00eancia<\/span><\/a><\/span><\/li>\n<li><span style=\"font-size: 12pt; font-family: tahoma, arial, helvetica, sans-serif;\"><a href=\"https:\/\/drive.google.com\/file\/d\/1rLdicX473zosLFhX4PswKQW2GCzr3uMG\/view?usp=drive_link\"><span style=\"font-weight: 400;\">Baixe a apresenta\u00e7\u00e3o <\/span><\/a><\/span><\/li>\n<\/ul>\n","protected":false},"featured_media":71533,"template":"","meta":{"_acf_changed":false,"_et_pb_use_builder":"","_et_pb_old_content":"","_et_gb_content_width":"","cybocfi_hide_featured_image":""},"categories":[293],"themes":[1068],"agendas_globales":[1069],"class_list":["post-71531","news","type-news","status-publish","has-post-thumbnail","hentry","category-campaigns-fr-pt","themes-climate-justice-pt","agendas_globales-cop-pt"],"acf":[],"yoast_head":"<!-- This site is optimized with the Yoast SEO plugin v27.5 - https:\/\/yoast.com\/product\/yoast-seo-wordpress\/ -->\n<title>Nosso caminho at\u00e9 aqui: conhe\u00e7a a for\u00e7a-tarefa da PGDC rumo a COP30 - Right to the city<\/title>\n<meta name=\"robots\" content=\"index, follow, max-snippet:-1, max-image-preview:large, max-video-preview:-1\" \/>\n<link rel=\"canonical\" href=\"https:\/\/www.right2city.org\/pt\/news\/nosso-caminho-ate-aqui-conheca-a-forca-tarefa-da-pgdc-rumo-a-cop30\/\" \/>\n<meta property=\"og:locale\" content=\"pt_PT\" \/>\n<meta property=\"og:type\" content=\"article\" \/>\n<meta property=\"og:title\" content=\"Nosso caminho at\u00e9 aqui: conhe\u00e7a a for\u00e7a-tarefa da PGDC rumo a COP30 - Right to the city\" \/>\n<meta property=\"og:description\" content=\"H\u00e1 alguns anos, temos trabalhado as conex\u00f5es entre justi\u00e7a clim\u00e1tica e direito \u00e0 cidade. Come\u00e7ando com a publica\u00e7\u00e3o do nosso documento tem\u00e1tico em 2020 e dando continuidade ao trabalho junto aos nossos membros em iniciativas locais, nacionais, regionais e globais. Esse trabalho se intensificou rumo \u00e0 COP30, com grande expectativa de movimentos sociais e territoriais [&hellip;]\" \/>\n<meta property=\"og:url\" content=\"https:\/\/www.right2city.org\/pt\/news\/nosso-caminho-ate-aqui-conheca-a-forca-tarefa-da-pgdc-rumo-a-cop30\/\" \/>\n<meta property=\"og:site_name\" content=\"Right to the city\" \/>\n<meta property=\"article:modified_time\" content=\"2025-12-12T19:42:46+00:00\" \/>\n<meta property=\"og:image\" content=\"https:\/\/www.right2city.org\/wp-content\/uploads\/2025\/12\/4f1f1cfd-d8ec-45a2-bf60-7ffbbae1d988-1024x581.png\" \/>\n\t<meta property=\"og:image:width\" content=\"1024\" \/>\n\t<meta property=\"og:image:height\" content=\"581\" \/>\n\t<meta property=\"og:image:type\" content=\"image\/png\" \/>\n<meta name=\"twitter:card\" content=\"summary_large_image\" \/>\n<meta name=\"twitter:label1\" content=\"Tempo estimado de leitura\" \/>\n\t<meta name=\"twitter:data1\" content=\"6 minutos\" \/>\n<script type=\"application\/ld+json\" class=\"yoast-schema-graph\">{\"@context\":\"https:\\\/\\\/schema.org\",\"@graph\":[{\"@type\":\"WebPage\",\"@id\":\"https:\\\/\\\/www.right2city.org\\\/pt\\\/news\\\/nosso-caminho-ate-aqui-conheca-a-forca-tarefa-da-pgdc-rumo-a-cop30\\\/\",\"url\":\"https:\\\/\\\/www.right2city.org\\\/pt\\\/news\\\/nosso-caminho-ate-aqui-conheca-a-forca-tarefa-da-pgdc-rumo-a-cop30\\\/\",\"name\":\"Nosso caminho at\u00e9 aqui: conhe\u00e7a a for\u00e7a-tarefa da PGDC rumo a COP30 - Right to the city\",\"isPartOf\":{\"@id\":\"https:\\\/\\\/www.right2city.org\\\/pt\\\/#website\"},\"primaryImageOfPage\":{\"@id\":\"https:\\\/\\\/www.right2city.org\\\/pt\\\/news\\\/nosso-caminho-ate-aqui-conheca-a-forca-tarefa-da-pgdc-rumo-a-cop30\\\/#primaryimage\"},\"image\":{\"@id\":\"https:\\\/\\\/www.right2city.org\\\/pt\\\/news\\\/nosso-caminho-ate-aqui-conheca-a-forca-tarefa-da-pgdc-rumo-a-cop30\\\/#primaryimage\"},\"thumbnailUrl\":\"https:\\\/\\\/www.right2city.org\\\/wp-content\\\/uploads\\\/2025\\\/12\\\/4f1f1cfd-d8ec-45a2-bf60-7ffbbae1d988.png\",\"datePublished\":\"2025-12-05T19:26:11+00:00\",\"dateModified\":\"2025-12-12T19:42:46+00:00\",\"breadcrumb\":{\"@id\":\"https:\\\/\\\/www.right2city.org\\\/pt\\\/news\\\/nosso-caminho-ate-aqui-conheca-a-forca-tarefa-da-pgdc-rumo-a-cop30\\\/#breadcrumb\"},\"inLanguage\":\"pt-PT\",\"potentialAction\":[{\"@type\":\"ReadAction\",\"target\":[\"https:\\\/\\\/www.right2city.org\\\/pt\\\/news\\\/nosso-caminho-ate-aqui-conheca-a-forca-tarefa-da-pgdc-rumo-a-cop30\\\/\"]}]},{\"@type\":\"ImageObject\",\"inLanguage\":\"pt-PT\",\"@id\":\"https:\\\/\\\/www.right2city.org\\\/pt\\\/news\\\/nosso-caminho-ate-aqui-conheca-a-forca-tarefa-da-pgdc-rumo-a-cop30\\\/#primaryimage\",\"url\":\"https:\\\/\\\/www.right2city.org\\\/wp-content\\\/uploads\\\/2025\\\/12\\\/4f1f1cfd-d8ec-45a2-bf60-7ffbbae1d988.png\",\"contentUrl\":\"https:\\\/\\\/www.right2city.org\\\/wp-content\\\/uploads\\\/2025\\\/12\\\/4f1f1cfd-d8ec-45a2-bf60-7ffbbae1d988.png\",\"width\":2550,\"height\":1447},{\"@type\":\"BreadcrumbList\",\"@id\":\"https:\\\/\\\/www.right2city.org\\\/pt\\\/news\\\/nosso-caminho-ate-aqui-conheca-a-forca-tarefa-da-pgdc-rumo-a-cop30\\\/#breadcrumb\",\"itemListElement\":[{\"@type\":\"ListItem\",\"position\":1,\"name\":\"Home\",\"item\":\"https:\\\/\\\/www.right2city.org\\\/pt\\\/\"},{\"@type\":\"ListItem\",\"position\":2,\"name\":\"News\",\"item\":\"https:\\\/\\\/www.right2city.org\\\/pt\\\/news\\\/\"},{\"@type\":\"ListItem\",\"position\":3,\"name\":\"Nosso caminho at\u00e9 aqui: conhe\u00e7a a for\u00e7a-tarefa da PGDC rumo a COP30\"}]},{\"@type\":\"WebSite\",\"@id\":\"https:\\\/\\\/www.right2city.org\\\/pt\\\/#website\",\"url\":\"https:\\\/\\\/www.right2city.org\\\/pt\\\/\",\"name\":\"Right to the city\",\"description\":\"Global Platform for the Right to the City\",\"potentialAction\":[{\"@type\":\"SearchAction\",\"target\":{\"@type\":\"EntryPoint\",\"urlTemplate\":\"https:\\\/\\\/www.right2city.org\\\/pt\\\/?s={search_term_string}\"},\"query-input\":{\"@type\":\"PropertyValueSpecification\",\"valueRequired\":true,\"valueName\":\"search_term_string\"}}],\"inLanguage\":\"pt-PT\"}]}<\/script>\n<!-- \/ Yoast SEO plugin. -->","yoast_head_json":{"title":"Nosso caminho at\u00e9 aqui: conhe\u00e7a a for\u00e7a-tarefa da PGDC rumo a COP30 - Right to the city","robots":{"index":"index","follow":"follow","max-snippet":"max-snippet:-1","max-image-preview":"max-image-preview:large","max-video-preview":"max-video-preview:-1"},"canonical":"https:\/\/www.right2city.org\/pt\/news\/nosso-caminho-ate-aqui-conheca-a-forca-tarefa-da-pgdc-rumo-a-cop30\/","og_locale":"pt_PT","og_type":"article","og_title":"Nosso caminho at\u00e9 aqui: conhe\u00e7a a for\u00e7a-tarefa da PGDC rumo a COP30 - Right to the city","og_description":"H\u00e1 alguns anos, temos trabalhado as conex\u00f5es entre justi\u00e7a clim\u00e1tica e direito \u00e0 cidade. Come\u00e7ando com a publica\u00e7\u00e3o do nosso documento tem\u00e1tico em 2020 e dando continuidade ao trabalho junto aos nossos membros em iniciativas locais, nacionais, regionais e globais. Esse trabalho se intensificou rumo \u00e0 COP30, com grande expectativa de movimentos sociais e territoriais [&hellip;]","og_url":"https:\/\/www.right2city.org\/pt\/news\/nosso-caminho-ate-aqui-conheca-a-forca-tarefa-da-pgdc-rumo-a-cop30\/","og_site_name":"Right to the city","article_modified_time":"2025-12-12T19:42:46+00:00","og_image":[{"width":1024,"height":581,"url":"https:\/\/www.right2city.org\/wp-content\/uploads\/2025\/12\/4f1f1cfd-d8ec-45a2-bf60-7ffbbae1d988-1024x581.png","type":"image\/png"}],"twitter_card":"summary_large_image","twitter_misc":{"Tempo estimado de leitura":"6 minutos"},"schema":{"@context":"https:\/\/schema.org","@graph":[{"@type":"WebPage","@id":"https:\/\/www.right2city.org\/pt\/news\/nosso-caminho-ate-aqui-conheca-a-forca-tarefa-da-pgdc-rumo-a-cop30\/","url":"https:\/\/www.right2city.org\/pt\/news\/nosso-caminho-ate-aqui-conheca-a-forca-tarefa-da-pgdc-rumo-a-cop30\/","name":"Nosso caminho at\u00e9 aqui: conhe\u00e7a a for\u00e7a-tarefa da PGDC rumo a COP30 - Right to the city","isPartOf":{"@id":"https:\/\/www.right2city.org\/pt\/#website"},"primaryImageOfPage":{"@id":"https:\/\/www.right2city.org\/pt\/news\/nosso-caminho-ate-aqui-conheca-a-forca-tarefa-da-pgdc-rumo-a-cop30\/#primaryimage"},"image":{"@id":"https:\/\/www.right2city.org\/pt\/news\/nosso-caminho-ate-aqui-conheca-a-forca-tarefa-da-pgdc-rumo-a-cop30\/#primaryimage"},"thumbnailUrl":"https:\/\/www.right2city.org\/wp-content\/uploads\/2025\/12\/4f1f1cfd-d8ec-45a2-bf60-7ffbbae1d988.png","datePublished":"2025-12-05T19:26:11+00:00","dateModified":"2025-12-12T19:42:46+00:00","breadcrumb":{"@id":"https:\/\/www.right2city.org\/pt\/news\/nosso-caminho-ate-aqui-conheca-a-forca-tarefa-da-pgdc-rumo-a-cop30\/#breadcrumb"},"inLanguage":"pt-PT","potentialAction":[{"@type":"ReadAction","target":["https:\/\/www.right2city.org\/pt\/news\/nosso-caminho-ate-aqui-conheca-a-forca-tarefa-da-pgdc-rumo-a-cop30\/"]}]},{"@type":"ImageObject","inLanguage":"pt-PT","@id":"https:\/\/www.right2city.org\/pt\/news\/nosso-caminho-ate-aqui-conheca-a-forca-tarefa-da-pgdc-rumo-a-cop30\/#primaryimage","url":"https:\/\/www.right2city.org\/wp-content\/uploads\/2025\/12\/4f1f1cfd-d8ec-45a2-bf60-7ffbbae1d988.png","contentUrl":"https:\/\/www.right2city.org\/wp-content\/uploads\/2025\/12\/4f1f1cfd-d8ec-45a2-bf60-7ffbbae1d988.png","width":2550,"height":1447},{"@type":"BreadcrumbList","@id":"https:\/\/www.right2city.org\/pt\/news\/nosso-caminho-ate-aqui-conheca-a-forca-tarefa-da-pgdc-rumo-a-cop30\/#breadcrumb","itemListElement":[{"@type":"ListItem","position":1,"name":"Home","item":"https:\/\/www.right2city.org\/pt\/"},{"@type":"ListItem","position":2,"name":"News","item":"https:\/\/www.right2city.org\/pt\/news\/"},{"@type":"ListItem","position":3,"name":"Nosso caminho at\u00e9 aqui: conhe\u00e7a a for\u00e7a-tarefa da PGDC rumo a COP30"}]},{"@type":"WebSite","@id":"https:\/\/www.right2city.org\/pt\/#website","url":"https:\/\/www.right2city.org\/pt\/","name":"Right to the city","description":"Global Platform for the Right to the City","potentialAction":[{"@type":"SearchAction","target":{"@type":"EntryPoint","urlTemplate":"https:\/\/www.right2city.org\/pt\/?s={search_term_string}"},"query-input":{"@type":"PropertyValueSpecification","valueRequired":true,"valueName":"search_term_string"}}],"inLanguage":"pt-PT"}]}},"_links":{"self":[{"href":"https:\/\/www.right2city.org\/pt\/wp-json\/wp\/v2\/news\/71531","targetHints":{"allow":["GET"]}}],"collection":[{"href":"https:\/\/www.right2city.org\/pt\/wp-json\/wp\/v2\/news"}],"about":[{"href":"https:\/\/www.right2city.org\/pt\/wp-json\/wp\/v2\/types\/news"}],"wp:featuredmedia":[{"embeddable":true,"href":"https:\/\/www.right2city.org\/pt\/wp-json\/wp\/v2\/media\/71533"}],"wp:attachment":[{"href":"https:\/\/www.right2city.org\/pt\/wp-json\/wp\/v2\/media?parent=71531"}],"wp:term":[{"taxonomy":"category","embeddable":true,"href":"https:\/\/www.right2city.org\/pt\/wp-json\/wp\/v2\/categories?post=71531"},{"taxonomy":"themes","embeddable":true,"href":"https:\/\/www.right2city.org\/pt\/wp-json\/wp\/v2\/themes?post=71531"},{"taxonomy":"agendas_globales","embeddable":true,"href":"https:\/\/www.right2city.org\/pt\/wp-json\/wp\/v2\/agendas_globales?post=71531"}],"curies":[{"name":"wp","href":"https:\/\/api.w.org\/{rel}","templated":true}]}}